{"id":4774,"global_id":"www.grillakademie-saar.de?id=4774","global_id_lineage":["www.grillakademie-saar.de?id=4774"],"author":"9","status":"publish","date":"2026-09-03 09:00:29","date_utc":"2026-09-03 07:00:29","modified":"2026-09-03 09:00:29","modified_utc":"2026-09-03 07:00:29","url":"https:\/\/www.grillakademie-saar.de\/?tribe_events=firmenveranstaltung-2","rest_url":"https:\/\/www.grillakademie-saar.de\/index.php?rest_route=\/tribe\/events\/v1\/events\/4774","title":"Firmenveranstaltung","description":"<div style=\"color: #ffffff; margin: 20px;\">\n<p>private Veranstaltung!<\/p>\n<\/div>","excerpt":"NEUER GRILLKURS Es erwartet Sie bei diesem Grill-Kurs in der Grillakademie Saar in Saarlouis: Vorspeise Filet vom Seesaibling auf der Haut gegrillt auf Artischocken und Tomaten<span class=\"excerpt-hellip\"> [\u2026]<\/span>","slug":"firmenveranstaltung-2","image":{"url":"https:\/\/www.grillakademie-saar.de\/wp-content\/uploads\/2026\/01\/private-veranstaltung.jpg","id":160,"extension":"jpg","width":1600,"height":1600,"filesize":1148781,"sizes":{"medium":{"width":300,"height":300,"mime-type":"image\/jpeg","filesize":45019,"url":"https:\/\/www.grillakademie-saar.de\/wp-content\/uploads\/2026\/01\/private-veranstaltung-300x300.jpg"},"large":{"width":1024,"height":1024,"mime-type":"image\/jpeg","filesize":216037,"url":"https:\/\/www.grillakademie-saar.de\/wp-content\/uploads\/2026\/01\/private-veranstaltung-1024x1024.jpg"},"thumbnail":{"width":150,"height":150,"mime-type":"image\/jpeg","filesize":25535,"url":"https:\/\/www.grillakademie-saar.de\/wp-content\/uploads\/2026\/01\/private-veranstaltung-150x150.jpg"},"medium_large":{"width":768,"height":768,"mime-type":"image\/jpeg","filesize":144918,"url":"https:\/\/www.grillakademie-saar.de\/wp-content\/uploads\/2026\/01\/private-veranstaltung-768x768.jpg"},"1536x1536":{"width":1536,"height":1536,"mime-type":"image\/jpeg","filesize":382633,"url":"https:\/\/www.grillakademie-saar.de\/wp-content\/uploads\/2026\/01\/private-veranstaltung-1536x1536.jpg"},"be_thumbnail":{"width":150,"height":150,"mime-type":"image\/jpeg","filesize":25535,"url":"https:\/\/www.grillakademie-saar.de\/wp-content\/uploads\/2026\/01\/private-veranstaltung-150x150.jpg"},"be_clients":{"width":75,"height":75,"mime-type":"image\/jpeg","filesize":19432,"url":"https:\/\/www.grillakademie-saar.de\/wp-content\/uploads\/2026\/01\/private-veranstaltung-75x75.jpg"},"slider-content":{"width":1600,"height":860,"mime-type":"image\/jpeg","filesize":333130,"url":"https:\/\/www.grillakademie-saar.de\/wp-content\/uploads\/2026\/01\/private-veranstaltung-1600x860.jpg"},"portfolio-mf":{"width":1280,"height":1000,"mime-type":"image\/jpeg","filesize":274135,"url":"https:\/\/www.grillakademie-saar.de\/wp-content\/uploads\/2026\/01\/private-veranstaltung-1280x1000.jpg"},"portfolio-mf-w":{"width":1280,"height":500,"mime-type":"image\/jpeg","filesize":183820,"url":"https:\/\/www.grillakademie-saar.de\/wp-content\/uploads\/2026\/01\/private-veranstaltung-1280x500.jpg"},"portfolio-mf-t":{"width":768,"height":1200,"mime-type":"image\/jpeg","filesize":186794,"url":"https:\/\/www.grillakademie-saar.de\/wp-content\/uploads\/2026\/01\/private-veranstaltung-768x1200.jpg"},"portfolio-list":{"width":1600,"height":750,"mime-type":"image\/jpeg","filesize":303626,"url":"https:\/\/www.grillakademie-saar.de\/wp-content\/uploads\/2026\/01\/private-veranstaltung-1600x750.jpg"},"blog-portfolio":{"width":960,"height":750,"mime-type":"image\/jpeg","filesize":184620,"url":"https:\/\/www.grillakademie-saar.de\/wp-content\/uploads\/2026\/01\/private-veranstaltung-960x750.jpg"},"blog-single":{"width":1200,"height":480,"mime-type":"image\/jpeg","filesize":171682,"url":"https:\/\/www.grillakademie-saar.de\/wp-content\/uploads\/2026\/01\/private-veranstaltung-1200x480.jpg"},"mobile-srcset":{"width":480,"height":480,"mime-type":"image\/jpeg","filesize":77395,"url":"https:\/\/www.grillakademie-saar.de\/wp-content\/uploads\/2026\/01\/private-veranstaltung-480x480.jpg"}}},"all_day":true,"start_date":"2026-11-20 00:00:00","start_date_details":{"year":"2026","month":"11","day":"20","hour":"00","minutes":"00","seconds":"00"},"end_date":"2026-11-20 23:59:59","end_date_details":{"year":"2026","month":"11","day":"20","hour":"23","minutes":"59","seconds":"59"},"utc_start_date":"2026-11-19 23:00:00","utc_start_date_details":{"year":"2026","month":"11","day":"19","hour":"23","minutes":"00","seconds":"00"},"utc_end_date":"2026-11-20 22:59:59","utc_end_date_details":{"year":"2026","month":"11","day":"20","hour":"22","minutes":"59","seconds":"59"},"timezone":"Europe\/Berlin","timezone_abbr":"CET","cost":"","cost_details":{"currency_symbol":"\u20ac","currency_code":"EUR","currency_position":"suffix","values":[]},"website":"https:\/\/grillakademie-saar.de\/termine\/","show_map":true,"show_map_link":true,"hide_from_listings":false,"sticky":false,"featured":false,"categories":[{"name":"Firmenveranstaltung","slug":"firmenveranstaltung","term_group":0,"term_taxonomy_id":17,"taxonomy":"tribe_events_cat","description":"","parent":0,"count":17,"filter":"raw","id":17,"urls":{"self":"https:\/\/www.grillakademie-saar.de\/index.php?rest_route=\/tribe\/events\/v1\/categories\/17","collection":"https:\/\/www.grillakademie-saar.de\/index.php?rest_route=\/tribe\/events\/v1\/categories"}}],"tags":[],"venue":{"id":4756,"author":"9","status":"inherit","date":"2026-08-28 11:10:31","date_utc":"2026-08-28 09:10:31","modified":"2026-08-28 11:10:31","modified_utc":"2026-08-28 09:10:31","url":"https:\/\/www.grillakademie-saar.de\/?p=4756","venue":"Grillakademie Saar Home","description":"<div class=\"wpb-content-wrapper\"><p>[vc_row full_width=&#8220;stretch_row_content_no_spaces&#8220; css=&#8220;.vc_custom_1769164384815{margin-top: 0px !important;margin-right: 0px !important;margin-bottom: 0px !important;margin-left: 0px !important;border-top-width: 0px !important;border-right-width: 0px !important;border-bottom-width: 0px !important;border-left-width: 0px !important;padding-top: 0px !important;padding-right: 0px !important;padding-bottom: 0px !important;padding-left: 0px !important;}&#8220;][vc_column css=&#8220;.vc_custom_1769164346457{margin-top: 0px !important;margin-right: 0px !important;margin-bottom: 0px !important;margin-left: 0px !important;border-top-width: 0px !important;border-right-width: 0px !important;border-bottom-width: 0px !important;border-left-width: 0px !important;padding-top: 0px !important;padding-right: 0px !important;padding-bottom: 0px !important;padding-left: 0px !important;}&#8220;][vc_raw_html css=&#8220;&#8220;]JTNDdmlkZW8lMjAlMEElMjAlMjBzcmMlM0QlMjJodHRwcyUzQSUyRiUyRmdyaWxsd2VsdC1zYWFyLmRlJTJGd3AtY29udGVudCUyRnVwbG9hZHMlMkYyMDI2JTJGMDElMkZncmlsbGFrYWRlbWllSG9tZXZpZGVvLm1wNCUyMiUyMCUwQSUyMCUyMGF1dG9wbGF5JTIwJTBBJTIwJTIwbG9vcCUyMCUwQSUyMCUyMG11dGVkJTIwJTBBJTIwJTIwcGxheXNpbmxpbmUlMjAlMEElMjAlMjBzdHlsZSUzRCUyMndpZHRoJTNBMTAwJTI1JTNCJTIwaGVpZ2h0JTNBYXV0byUzQiUyMiUwQSUzRSUwQSUyMCUyMElociUyMEJyb3dzZXIlMjB1bnRlcnN0JUMzJUJDdHp0JTIwZGFzJTIwVmlkZW8tRWxlbWVudCUyMG5pY2h0LiUwQSUzQyUyRnZpZGVvJTNFJTBBJTNDaHIlMjBzdHlsZSUzRCUyMmJvcmRlciUzQSUyMG5vbmUlM0IlMjBoZWlnaHQlM0ElMjAzcHglM0IlMjAlMjBiYWNrZ3JvdW5kLWNvbG9yJTNBJTIwcmVkJTNCJTIyJTNF[\/vc_raw_html][\/vc_column][\/vc_row][vc_row disable_element=&#8220;yes&#8220;][vc_column width=&#8220;1\/2&#8243;][vc_column_text css=&#8220;&#8220; el_class=&#8220;flexslider&#8220;]<a href=\"https:\/\/grillakademie-saar.de\/termine\/\"><video style=\"width: 100%; height: auto;\" src=\"https:\/\/grillakademie-saar.de\/wp-content\/uploads\/2026\/06\/GA_Grillsommer.mp4\" autoplay=\"autoplay\" loop=\"loop\" muted=\"\" width=\"300\" height=\"150\"><br \/>\nIhr Browser unterst\u00fctzt das Video-Element nicht.<br \/>\n<\/video><\/a><\/p>\n<p><img loading=\"lazy\" decoding=\"async\" style=\"display: block;\" src=\"https:\/\/grillwelt24.de\/media\/63\/43\/03\/1785422246\/ki_000.png?ts=1785422283\" alt=\"Mehr Informationen\" width=\"32\" height=\"32\" \/><br \/>\n[\/vc_column_text][\/vc_column][vc_column width=&#8220;1\/2&#8243;][vc_column_text css=&#8220;&#8220;]<\/p>\n<h4 class=\"isSelectedEnd\">\ud83d\udd25 Auf in den Grillsommer! \ud83d\udd25<\/h4>\n<p class=\"isSelectedEnd\">Die neuen Termine der Grillakademie Saar sind jetzt online! Freut Euch auf spannende Grillkurse, neue Themen und jede Menge Inspiration f\u00fcr die kommende BBQ-Saison.<\/p>\n<p class=\"isSelectedEnd\">\ud83e\udd69 Neue Kurstermine<br \/>\n\ud83d\udd25 Aktuelle Grill-Highlights<br \/>\n\ud83d\udc68\u200d\ud83c\udf73 Praxiswissen von echten Grillprofis<\/p>\n<p class=\"isSelectedEnd\">Schnell sein lohnt sich: Die Teilnehmerpl\u00e4tze sind begrenzt und viele Kurse sind erfahrungsgem\u00e4\u00df schnell ausgebucht.<\/p>\n<p class=\"isSelectedEnd\">\ud83d\udc49 Jetzt Termin sichern und den perfekten Start in den Grillsommer planen:<br \/>\n<a href=\"https:\/\/grillakademie-saar.de\/termine\/\">https:\/\/grillakademie-saar.de\/termine\/<\/a><\/p>\n<p>Wir freuen uns auf einen genussvollen Sommer mit Euch am Grill![\/vc_column_text][\/vc_column][\/vc_row][vc_row css=&#8220;.vc_custom_1787908229910{margin-bottom: 50px !important;}&#8220;][vc_column width=&#8220;1\/2&#8243;][vc_column_text css=&#8220;&#8220;]<\/p>\n<h2 data-start=\"339\" data-end=\"398\">Willkommen bei der <span class=\"hover:entity-accent entity-underline inline cursor-pointer align-baseline\"><span class=\"whitespace-normal\">Grillakademie Saar<\/span><\/span><\/h2>\n<h3 style=\"color: red;\">Grillkurse f\u00fcr Genie\u00dfer, Einsteiger und echte Grillfans<\/h3>\n<p>[\/vc_column_text][vc_separator color=&#8220;custom&#8220; border_width=&#8220;3&#8243; css=&#8220;.vc_custom_1772455888517{margin-top: 0px !important;margin-right: 0px !important;margin-bottom: 0px !important;margin-left: 0px !important;border-top-width: 0px !important;border-right-width: 0px !important;border-bottom-width: 0px !important;border-left-width: 0px !important;padding-top: 0px !important;padding-right: 0px !important;padding-bottom: 0px !important;padding-left: 0px !important;}&#8220; accent_color=&#8220;#FF0000&#8243;][\/vc_column][vc_column width=&#8220;1\/2&#8243;][vc_column_text css=&#8220;&#8220;]<\/p>\n<p style=\"text-align: justify;\" data-start=\"461\" data-end=\"778\">Erleben Sie Grillen auf h\u00f6chstem Niveau. In der Grillakademie Saar lernen Sie modernes Grillen, BBQ und Feuerk\u00fcche \u2013 praxisnah, genussvoll und in entspannter Atmosph\u00e4re. Unsere Premium-Grillkurse richten sich an Anf\u00e4nger, ambitionierte Hobbygriller und erfahrene Experten, die ihre Grillkunst perfektionieren m\u00f6chten.<\/p>\n<h4 data-start=\"785\" data-end=\"829\">Premium Grillkurse \u2013 mehr als nur Grillen<\/h4>\n<p style=\"text-align: justify;\" data-start=\"885\" data-end=\"1140\">Ob direktes oder indirektes Grillen, perfekte Steaks, kreative Men\u00fcs vom Grill oder anspruchsvolle BBQ-Techniken: In unseren professionell gef\u00fchrten Grillkursen vermitteln wir fundiertes Wissen, wertvolle Tipps und echte Leidenschaft f\u00fcr das offene Feuer.<\/p>\n<p>[\/vc_column_text][vc_btn title=&#8220;Grillkurse in unserem Eventkalender&#8220; color=&#8220;danger&#8220; align=&#8220;center&#8220; i_icon_fontawesome=&#8220;fa fa-solid fa-fire&#8220; css=&#8220;&#8220; add_icon=&#8220;true&#8220; link=&#8220;url:https%3A%2F%2Fgrillakademie-saar.de%2Ftermine%2Ffoto%2F&#8220;][\/vc_column][\/vc_row][vc_row][vc_column width=&#8220;1\/2&#8243;][vc_column_text css=&#8220;&#8220; el_class=&#8220;flexslider&#8220;]<a href=\"https:\/\/grillakademie-saar.de\/firmenevents\/\"><img decoding=\"async\" src=\"https:\/\/grillakademie-saar.de\/wp-content\/uploads\/2015\/08\/GA_Start_Events_1200.jpg\" alt=\"\" \/><\/a><\/p>\n<p><!--<img loading=\"lazy\" decoding=\"async\" style=\"display: block;\" src=\"https:\/\/grillwelt24.de\/media\/63\/43\/03\/1785422246\/ki_000.png?ts=1785422283\" alt=\"Mehr Informationen\" width=\"32\" height=\"32\" \/>-->[\/vc_column_text][\/vc_column][vc_column width=&#8220;1\/2&#8243;][vc_column_text css=&#8220;&#8220;]<\/p>\n<h2 data-section-id=\"7lcjv2\" data-start=\"1276\" data-end=\"1332\">Grillseminare f\u00fcr Unternehmen, Firmenveranstaltungen, Mitarbeiter- und Familien-Events<\/h2>\n<p class=\"isSelectedEnd\" style=\"text-align: justify;\"><strong>Gemeinsam grillen, genie\u00dfen und erleben \u2013 Ihr Firmenevent in der Grillakademie Saar<\/strong><\/p>\n<p class=\"isSelectedEnd\" style=\"text-align: justify;\">Ob Teambuilding, Firmenfeier, Kundenveranstaltung oder Incentive: Ein Event in der <strong>Grillakademie Saar<\/strong> bietet die ideale Gelegenheit, Mitarbeiter, Kunden und Gesch\u00e4ftspartner in entspannter Atmosph\u00e4re zusammenzubringen.<\/p>\n<p class=\"isSelectedEnd\" style=\"text-align: justify;\">Gemeinsam am Grill aktiv sein, neue Geschmackserlebnisse entdecken und dabei jede Menge Spa\u00df haben \u2013 ein Grillkurs verbindet Genuss und Gemeinschaft auf besondere Weise. <strong>Ob individuell geplantes Event oder ein Grillkurs aus unserem Eventkalender: Ein Grillkurs in der Grillakademie Saar ist immer ein teambildendes Erlebnis.<\/strong><\/p>\n<p style=\"text-align: justify;\">Wir gestalten Ihr Firmenevent ganz nach Ihren W\u00fcnschen und schaffen einen kulinarischen Rahmen, der in Erinnerung bleibt \u2013 pers\u00f6nlich, kommunikativ und mit jeder Menge Grillgenuss.<\/p>\n<p>[\/vc_column_text][vc_btn title=&#8220;Firmenevents in der Grillakademie Saar&#8220; color=&#8220;danger&#8220; align=&#8220;center&#8220; i_icon_fontawesome=&#8220;fa fa-solid fa-fire&#8220; add_icon=&#8220;true&#8220; link=&#8220;url:https%3A%2F%2Fgrillakademie-saar.de%2Ffirmenevents%2F&#8220;][\/vc_column][\/vc_row][vc_row][vc_column][vc_column_text css=&#8220;&#8220;]<div\n\t class=\"tribe-common tribe-events tribe-events-view tribe-events-view--photo alignwide tribe-events-view--shortcode tribe-events-view--shortcode-70fd4331 tribe-events-pro\" \tdata-js=\"tribe-events-view\"\n\tdata-view-rest-url=\"https:\/\/www.grillakademie-saar.de\/index.php?rest_route=\/tribe\/views\/v2\/html\"\n\tdata-view-rest-method=\"GET\"\n\tdata-view-manage-url=\"\"\n\t\t\tdata-view-shortcode=\"70fd4331\"\n\t\t\t\tdata-view-breakpoint-pointer=\"a4a9bab8-ebfe-48d0-a465-ecb6090540ff\"\n\t>\n\t<section class=\"tribe-common-l-container tribe-events-l-container\">\n\t\t<div\n\tclass=\"tribe-events-view-loader tribe-common-a11y-hidden\"\n\trole=\"alert\"\n\taria-live=\"polite\"\n>\n\t<span class=\"tribe-events-view-loader__text tribe-common-a11y-visual-hide\">\n\t\t6 Veranstaltungen gefunden.\t<\/span>\n\t<div class=\"tribe-events-view-loader__dots tribe-common-c-loader\">\n\t\t<svg\n\t class=\"tribe-common-c-svgicon tribe-common-c-svgicon--dot tribe-common-c-loader__dot tribe-common-c-loader__dot--first\" \taria-hidden=\"true\"\n\tviewBox=\"0 0 15 15\"\n\txmlns=\"http:\/\/www.w3.org\/2000\/svg\"\n>\n\t<circle cx=\"7.5\" cy=\"7.5\" r=\"7.5\"\/>\n<\/svg>\n\t\t<svg\n\t class=\"tribe-common-c-svgicon tribe-common-c-svgicon--dot tribe-common-c-loader__dot tribe-common-c-loader__dot--second\" \taria-hidden=\"true\"\n\tviewBox=\"0 0 15 15\"\n\txmlns=\"http:\/\/www.w3.org\/2000\/svg\"\n>\n\t<circle cx=\"7.5\" cy=\"7.5\" r=\"7.5\"\/>\n<\/svg>\n\t\t<svg\n\t class=\"tribe-common-c-svgicon tribe-common-c-svgicon--dot tribe-common-c-loader__dot tribe-common-c-loader__dot--third\" \taria-hidden=\"true\"\n\tviewBox=\"0 0 15 15\"\n\txmlns=\"http:\/\/www.w3.org\/2000\/svg\"\n>\n\t<circle cx=\"7.5\" cy=\"7.5\" r=\"7.5\"\/>\n<\/svg>\n\t<\/div>\n<\/div>\n\n\t\t<script type=\"application\/ld+json\">\r\n[{\"@context\":\"http:\/\/schema.org\",\"@type\":\"Event\",\"name\":\"Private Veranstaltung!\",\"description\":\"&lt;p&gt;private Veranstaltung!&lt;\/p&gt;\\\\n\",\"image\":\"https:\/\/www.grillakademie-saar.de\/wp-content\/uploads\/2026\/01\/private-veranstaltung.jpg\",\"url\":\"https:\/\/www.grillakademie-saar.de\/?tribe_events=private-veranstaltung-74\",\"eventAttendanceMode\":\"https:\/\/schema.org\/OfflineEventAttendanceMode\",\"eventStatus\":\"https:\/\/schema.org\/EventScheduled\",\"startDate\":\"2026-09-23T00:00:00+02:00\",\"endDate\":\"2026-09-23T23:59:59+02:00\",\"location\":false,\"organizer\":false,\"performer\":\"Organization\"},{\"@context\":\"http:\/\/schema.org\",\"@type\":\"Event\",\"name\":\"Basic Grillkurs Einsteigerkurs &#8211; Das perfekte Steak &#038; Meer\",\"description\":\"&lt;p&gt;In diesem Basic Grillkurs - Kurs zeigen wir Ihnen die Kunst des kulinarischen Grillens. Unsere geschulten und erfahrenen Grillmeister zeigen Ihnen auf modernen Holzkohle-, Gas- oder&lt;span class=&quot;excerpt-hellip&quot;&gt; [\\u2026]&lt;\/span&gt;&lt;\/p&gt;\\\\n\",\"image\":\"https:\/\/www.grillakademie-saar.de\/wp-content\/uploads\/2026\/01\/basic-grillkurs.jpg\",\"url\":\"https:\/\/www.grillakademie-saar.de\/?tribe_events=basic-grillkurs-einsteigerkurs-das-perfekte-steak-meer-24092026\",\"eventAttendanceMode\":\"https:\/\/schema.org\/OfflineEventAttendanceMode\",\"eventStatus\":\"https:\/\/schema.org\/EventScheduled\",\"startDate\":\"2026-09-24T18:00:00+02:00\",\"endDate\":\"2026-09-24T21:30:00+02:00\",\"location\":false,\"organizer\":false,\"offers\":{\"@type\":\"Offer\",\"price\":\"89,00\",\"priceCurrency\":\"EUR\",\"url\":\"https:\/\/www.grillakademie-saar.de\/?tribe_events=basic-grillkurs-einsteigerkurs-das-perfekte-steak-meer-24092026\",\"category\":\"primary\",\"availability\":\"inStock\",\"validFrom\":\"2026-06-01T11:26:00+00:00\"},\"performer\":\"Organization\"},{\"@context\":\"http:\/\/schema.org\",\"@type\":\"Event\",\"name\":\"Burger &#038; Bier &#8211; Burgergrillkurs meets Bier Tasting\",\"description\":\"&lt;p&gt;Burger &amp; Bier, das passt zusammen! Der Spezial-Grillkurs &quot;Burger &amp; Bier - Burgergrillkurs meets Bier Tasting&quot; wird Sie begeistern und in seinen Bann ziehen. Erleben Sie&lt;span class=&quot;excerpt-hellip&quot;&gt; [\\u2026]&lt;\/span&gt;&lt;\/p&gt;\\\\n\",\"image\":\"https:\/\/www.grillakademie-saar.de\/wp-content\/uploads\/2026\/01\/000619290000_0.jpg\",\"url\":\"https:\/\/www.grillakademie-saar.de\/?tribe_events=burger-bier-burgergrillkurs-meets-bier-tasting-25092026\",\"eventAttendanceMode\":\"https:\/\/schema.org\/OfflineEventAttendanceMode\",\"eventStatus\":\"https:\/\/schema.org\/EventScheduled\",\"startDate\":\"2026-09-25T18:00:00+02:00\",\"endDate\":\"2026-09-25T22:30:00+02:00\",\"location\":false,\"organizer\":false,\"offers\":{\"@type\":\"Offer\",\"price\":\"139,00\",\"priceCurrency\":\"EUR\",\"url\":\"https:\/\/www.grillakademie-saar.de\/?tribe_events=burger-bier-burgergrillkurs-meets-bier-tasting-25092026\",\"category\":\"primary\",\"availability\":\"inStock\",\"validFrom\":\"2026-06-01T11:26:00+00:00\"},\"performer\":\"Organization\"},{\"@context\":\"http:\/\/schema.org\",\"@type\":\"Event\",\"name\":\"Grillkurs Weltreise Worldwide BBQ\",\"description\":\"&lt;p&gt;In 80 Tagen um die Welt? - Das geht auch in 5 Stunden! Wir nehmen Sie mit auf eine kulinarische Weltreise rund um den Globus. Lassen&lt;span class=&quot;excerpt-hellip&quot;&gt; [\\u2026]&lt;\/span&gt;&lt;\/p&gt;\\\\n\",\"image\":\"https:\/\/www.grillakademie-saar.de\/wp-content\/uploads\/2026\/01\/kulinarische-weltreise-grillkurs.jpg\",\"url\":\"https:\/\/www.grillakademie-saar.de\/?tribe_events=grillkurs-weltreise-worldwide-bbq-26092026\",\"eventAttendanceMode\":\"https:\/\/schema.org\/OfflineEventAttendanceMode\",\"eventStatus\":\"https:\/\/schema.org\/EventScheduled\",\"startDate\":\"2026-09-26T16:00:00+02:00\",\"endDate\":\"2026-09-26T20:30:00+02:00\",\"location\":false,\"organizer\":false,\"offers\":{\"@type\":\"Offer\",\"price\":\"149,00\",\"priceCurrency\":\"EUR\",\"url\":\"https:\/\/www.grillakademie-saar.de\/?tribe_events=grillkurs-weltreise-worldwide-bbq-26092026\",\"category\":\"primary\",\"availability\":\"inStock\",\"validFrom\":\"2026-06-01T11:26:00+00:00\"},\"performer\":\"Organization\"},{\"@context\":\"http:\/\/schema.org\",\"@type\":\"Event\",\"name\":\"Firmenveranstaltung\",\"description\":\"&lt;p&gt;private Veranstaltung!&lt;\/p&gt;\\\\n\",\"image\":\"https:\/\/www.grillakademie-saar.de\/wp-content\/uploads\/2026\/01\/private-veranstaltung.jpg\",\"url\":\"https:\/\/www.grillakademie-saar.de\/?tribe_events=firmenveranstaltung\",\"eventAttendanceMode\":\"https:\/\/schema.org\/OfflineEventAttendanceMode\",\"eventStatus\":\"https:\/\/schema.org\/EventScheduled\",\"startDate\":\"2026-09-30T00:00:00+02:00\",\"endDate\":\"2026-09-30T23:59:59+02:00\",\"location\":false,\"organizer\":false,\"performer\":\"Organization\"},{\"@context\":\"http:\/\/schema.org\",\"@type\":\"Event\",\"name\":\"Grillkurs Steak it Easy\",\"description\":\"&lt;p&gt;NEUER GRILLKURS Es erwartet Sie bei diesem Grill-Kurs in der Grillakademie Saar in Saarlouis: Vorspeise Filet vom Seesaibling auf der Haut gegrillt auf Artischocken und Tomaten&lt;span class=&quot;excerpt-hellip&quot;&gt; [\\u2026]&lt;\/span&gt;&lt;\/p&gt;\\\\n\",\"image\":\"https:\/\/www.grillakademie-saar.de\/wp-content\/uploads\/2026\/01\/SteakItEasy1200.jpg\",\"url\":\"https:\/\/www.grillakademie-saar.de\/?tribe_events=grillkurs-steak-it-easy-01102026\",\"eventAttendanceMode\":\"https:\/\/schema.org\/OfflineEventAttendanceMode\",\"eventStatus\":\"https:\/\/schema.org\/EventScheduled\",\"startDate\":\"2026-10-01T18:00:00+02:00\",\"endDate\":\"2026-10-01T22:00:00+02:00\",\"location\":false,\"organizer\":false,\"offers\":{\"@type\":\"Offer\",\"price\":\"99,00\",\"priceCurrency\":\"EUR\",\"url\":\"https:\/\/www.grillakademie-saar.de\/?tribe_events=grillkurs-steak-it-easy-01102026\",\"category\":\"primary\",\"availability\":\"inStock\",\"validFrom\":\"2026-06-01T11:26:00+00:00\"},\"performer\":\"Organization\"}]\r\n<\/script>\n\t\t<script data-js=\"tribe-events-view-data\" type=\"application\/json\">\n\t{\"slug\":\"photo\",\"prev_url\":\"https:\\\/\\\/www.grillakademie-saar.de\\\/termine\\\/foto\\\/?pagename=index.php&shortcode=70fd4331&tribe_event_display=past\",\"next_url\":\"https:\\\/\\\/www.grillakademie-saar.de\\\/?post_type=tribe_events&eventDisplay=photo&shortcode=70fd4331&page=2\",\"view_class\":\"Tribe\\\\Events\\\\Pro\\\\Views\\\\V2\\\\Views\\\\Photo_View\",\"view_slug\":\"photo\",\"view_label\":\"Foto\",\"title\":\"Anzeige von Veranstaltungen von September 4 \\u2013 Oktober 1 \\u2013 Grillakademie Saar\",\"events\":[10001969,10001987,10001986,10001985,10002009,10001984],\"url\":\"https:\\\/\\\/www.grillakademie-saar.de\\\/termine\\\/foto\\\/?shortcode=70fd4331\",\"url_event_date\":false,\"bar\":{\"keyword\":\"\",\"date\":\"\"},\"today\":\"2026-09-04 00:00:00\",\"now\":\"2026-09-04 06:21:59\",\"home_url\":\"https:\\\/\\\/www.grillakademie-saar.de\",\"rest_url\":\"https:\\\/\\\/www.grillakademie-saar.de\\\/index.php?rest_route=\\\/tribe\\\/views\\\/v2\\\/html\",\"rest_method\":\"GET\",\"rest_nonce\":\"\",\"should_manage_url\":false,\"today_url\":\"https:\\\/\\\/www.grillakademie-saar.de\\\/termine\\\/foto\\\/?pagename=index.php&shortcode=70fd4331\",\"today_title\":\"Klicke, um das heutige Datum auszuw\\u00e4hlen\",\"today_label\":\"Heute\",\"prev_label\":\"\",\"next_label\":\"\",\"date_formats\":{\"compact\":\"d\\\/m\\\/Y\",\"month_and_year_compact\":\"m\\\/Y\",\"month_and_year\":\"F Y\",\"time_range_separator\":\" - \",\"date_time_separator\":\" @ \"},\"messages\":[],\"start_of_week\":\"1\",\"header_title\":\"\",\"header_title_element\":\"h1\",\"content_title\":\"\",\"show_content_title\":false,\"breadcrumbs\":[],\"backlink\":false,\"before_events\":\"\",\"after_events\":\"\",\"display_events_bar\":true,\"disable_event_search\":false,\"live_refresh\":true,\"ical\":{\"display_link\":true,\"link\":{\"url\":\"https:\\\/\\\/www.grillakademie-saar.de\\\/termine\\\/foto\\\/?shortcode=70fd4331&#038;ical=1\",\"text\":\"Veranstaltungen als iCal exportieren\",\"title\":\"Diese Funktion verwenden, um Kalenderdaten mit Google Kalender, Apple iCal und kompatiblen Apps zu teilen\"}},\"container_classes\":[\"tribe-common\",\"tribe-events\",\"tribe-events-view\",\"tribe-events-view--photo\",\"alignwide\",\"tribe-events-view--shortcode\",\"tribe-events-view--shortcode-70fd4331\",\"tribe-events-pro\"],\"container_data\":{\"shortcode\":\"70fd4331\"},\"is_past\":false,\"breakpoints\":{\"xsmall\":500,\"medium\":768,\"full\":960},\"breakpoint_pointer\":\"a4a9bab8-ebfe-48d0-a465-ecb6090540ff\",\"is_initial_load\":false,\"public_views\":{\"list\":{\"view_class\":\"Tribe\\\\Events\\\\Views\\\\V2\\\\Views\\\\List_View\",\"view_url\":\"https:\\\/\\\/www.grillakademie-saar.de\\\/termine\\\/liste\\\/?shortcode=70fd4331\",\"view_label\":\"Liste\",\"aria_label\":\"Zeige Veranstaltungen in der Liste Ansicht\"},\"month\":{\"view_class\":\"Tribe\\\\Events\\\\Views\\\\V2\\\\Views\\\\Month_View\",\"view_url\":\"https:\\\/\\\/www.grillakademie-saar.de\\\/termine\\\/monat\\\/?shortcode=70fd4331\",\"view_label\":\"Monat\",\"aria_label\":\"Zeige Veranstaltungen in der Monat Ansicht\"},\"photo\":{\"view_class\":\"Tribe\\\\Events\\\\Pro\\\\Views\\\\V2\\\\Views\\\\Photo_View\",\"view_url\":\"https:\\\/\\\/www.grillakademie-saar.de\\\/termine\\\/foto\\\/?shortcode=70fd4331\",\"view_label\":\"Foto\",\"aria_label\":\"Zeige Veranstaltungen in der Foto Ansicht\"}},\"show_latest_past\":true,\"past\":false,\"category_colors_enabled\":false,\"category_colors_category_dropdown\":[{\"slug\":\"100-fleisch\",\"name\":\"100 % Fleisch\",\"priority\":0,\"primary\":\"#dd3333\",\"hidden\":false},{\"slug\":\"firmenveranstaltung\",\"name\":\"Firmenveranstaltung\",\"priority\":0,\"primary\":\"#dd3333\",\"hidden\":false}],\"category_colors_super_power\":false,\"category_colors_show_reset_button\":false,\"placeholder_url\":\"https:\\\/\\\/www.grillakademie-saar.de\\\/wp-content\\\/plugins\\\/events-calendar-pro\\\/src\\\/resources\\\/images\\\/tribe-event-placeholder-image.svg\",\"show_now\":true,\"now_label\":\"Heute\",\"now_label_mobile\":\"Heute\",\"show_end\":true,\"selected_start_datetime\":\"2026-09-04\",\"selected_start_date_mobile\":\"04\\\/09\\\/2026\",\"selected_start_date_label\":\"September 4\",\"selected_end_datetime\":\"2026-10-01\",\"selected_end_date_mobile\":\"01\\\/10\\\/2026\",\"selected_end_date_label\":\"Oktober 1\",\"datepicker_date\":\"04\\\/09\\\/2026\",\"subscribe_links\":{\"gcal\":{\"label\":\"Google Kalender\",\"single_label\":\"Zu Google Kalender hinzuf\\u00fcgen\",\"visible\":true,\"block_slug\":\"hasGoogleCalendar\"},\"ical\":{\"label\":\"iCalendar\",\"single_label\":\"Zu iCalendar hinzuf\\u00fcgen\",\"visible\":true,\"block_slug\":\"hasiCal\"},\"outlook-365\":{\"label\":\"Outlook 365\",\"single_label\":\"Outlook 365\",\"visible\":true,\"block_slug\":\"hasOutlook365\"},\"outlook-live\":{\"label\":\"Outlook Live\",\"single_label\":\"Outlook Live\",\"visible\":true,\"block_slug\":\"hasOutlookLive\"},\"ics\":{\"label\":\".ics-Datei exportieren\",\"single_label\":\".ics-Datei exportieren\",\"visible\":true,\"block_slug\":null},\"outlook-ics\":{\"label\":\"Exportiere Outlook .ics Datei\",\"single_label\":\"Exportiere Outlook .ics Datei\",\"visible\":true,\"block_slug\":null}},\"display_recurring_toggle\":false,\"_context\":{\"slug\":\"photo\",\"should_manage_url\":false},\"text\":\"L\\u00e4dt..\",\"classes\":[\"tribe-common-c-loader__dot\",\"tribe-common-c-loader__dot--third\"]}<\/script>\n\n\t\t\n\t\t\n<header  class=\"tribe-events-header tribe-events-header--has-event-search\" >\n\t<div class=\"tribe-events-header__content-title\">\n\t<h1 class=\"screen-reader-text tec-a11y-title-hidden\">Veranstaltungen<\/h1><\/div>\n\n\t\n\t\n\t\n\t<div class=\"tribe-events-c-top-bar tribe-events-header__top-bar\">\n\n\t<nav class=\"tribe-events-c-top-bar__nav tribe-common-a11y-hidden\">\n\t<ul class=\"tribe-events-c-top-bar__nav-list\">\n\t\t<li class=\"tribe-events-c-top-bar__nav-list-item\">\n\t<a\n\t\thref=\"https:\/\/www.grillakademie-saar.de\/termine\/foto\/?pagename=index.php&#038;shortcode=70fd4331&#038;tribe_event_display=past\"\n\t\tclass=\"tribe-common-c-btn-icon tribe-common-c-btn-icon--caret-left tribe-events-c-top-bar__nav-link tribe-events-c-top-bar__nav-link--prev\"\n\t\taria-label=\"Vorherige Veranstaltungen\"\n\t\ttitle=\"Vorherige Veranstaltungen\"\n\t\tdata-js=\"tribe-events-view-link\"\n\t>\n\t\t<svg\n\t class=\"tribe-common-c-svgicon tribe-common-c-svgicon--caret-left tribe-common-c-btn-icon__icon-svg tribe-events-c-top-bar__nav-link-icon-svg\" \taria-hidden=\"true\"\n\tviewBox=\"0 0 10 16\"\n\txmlns=\"http:\/\/www.w3.org\/2000\/svg\"\n>\n\t<path d=\"M9.7 14.4l-1.5 1.5L.3 8 8.2.1l1.5 1.5L3.3 8l6.4 6.4z\"\/>\n<\/svg>\n\t<\/a>\n<\/li>\n\n\t\t<li class=\"tribe-events-c-top-bar__nav-list-item\">\n\t<a\n\t\thref=\"https:\/\/www.grillakademie-saar.de\/?post_type=tribe_events&#038;eventDisplay=photo&#038;shortcode=70fd4331&#038;page=2\"\n\t\tclass=\"tribe-common-c-btn-icon tribe-common-c-btn-icon--caret-right tribe-events-c-top-bar__nav-link tribe-events-c-top-bar__nav-link--next\"\n\t\taria-label=\"N\u00e4chste Veranstaltungen\"\n\t\ttitle=\"N\u00e4chste Veranstaltungen\"\n\t\tdata-js=\"tribe-events-view-link\"\n\t>\n\t\t<svg\n\t class=\"tribe-common-c-svgicon tribe-common-c-svgicon--caret-right tribe-common-c-btn-icon__icon-svg tribe-events-c-top-bar__nav-link-icon-svg\" \taria-hidden=\"true\"\n\tviewBox=\"0 0 10 16\"\n\txmlns=\"http:\/\/www.w3.org\/2000\/svg\"\n>\n\t<path d=\"M.3 1.6L1.8.1 9.7 8l-7.9 7.9-1.5-1.5L6.7 8 .3 1.6z\"\/>\n<\/svg>\n\t<\/a>\n<\/li>\n\t<\/ul>\n<\/nav>\n\n\t<a\n\thref=\"https:\/\/www.grillakademie-saar.de\/termine\/foto\/?pagename=index.php&#038;shortcode=70fd4331\"\n\tclass=\"tribe-common-c-btn-border-small tribe-events-c-top-bar__today-button tribe-common-a11y-hidden\"\n\tdata-js=\"tribe-events-view-link\"\n\taria-description=\"Klicke, um das heutige Datum auszuw\u00e4hlen\"\n>\n\tHeute<\/a>\n\n\t<div class=\"tribe-events-c-top-bar__datepicker\">\n\t<button\n\t\tclass=\"tribe-common-c-btn__clear tribe-common-h3 tribe-common-h--alt tribe-events-c-top-bar__datepicker-button\"\n\t\tdata-js=\"tribe-events-top-bar-datepicker-button\"\n\t\ttype=\"button\"\n\t\taria-label=\"Klicke zum Umschalten der Datumsauswahl\"\n\t\ttitle=\"Klicke zum Umschalten der Datumsauswahl\"\n\t>\n\t\t<time\n\t\t\tdatetime=\"2026-09-04\"\n\t\t\tclass=\"tribe-events-c-top-bar__datepicker-time\"\n\t\t>\n\t\t\t\t\t\t\t<span class=\"tribe-events-c-top-bar__datepicker-mobile\">\n\t\t\t\t\tHeute\t\t\t\t<\/span>\n\t\t\t\t<span class=\"tribe-events-c-top-bar__datepicker-desktop tribe-common-a11y-hidden\">\n\t\t\t\t\tHeute\t\t\t\t<\/span>\n\t\t\t\t\t<\/time>\n\t\t\t\t\t<span class=\"tribe-events-c-top-bar__datepicker-separator\"> - <\/span>\n\t\t\t<time\n\t\t\t\tdatetime=\"2026-10-01\"\n\t\t\t\tclass=\"tribe-events-c-top-bar__datepicker-time\"\n\t\t\t>\n\t\t\t\t<span class=\"tribe-events-c-top-bar__datepicker-mobile\">\n\t\t\t\t\t01\/10\/2026\t\t\t\t<\/span>\n\t\t\t\t<span class=\"tribe-events-c-top-bar__datepicker-desktop tribe-common-a11y-hidden\">\n\t\t\t\t\tOktober 1\t\t\t\t<\/span>\n\t\t\t<\/time>\n\t\t\t\t<svg\n\t class=\"tribe-common-c-svgicon tribe-common-c-svgicon--caret-down tribe-events-c-top-bar__datepicker-button-icon-svg\" \taria-hidden=\"true\"\n\tviewBox=\"0 0 10 7\"\n\txmlns=\"http:\/\/www.w3.org\/2000\/svg\"\n>\n\t<path fill-rule=\"evenodd\" clip-rule=\"evenodd\" d=\"M1.008.609L5 4.6 8.992.61l.958.958L5 6.517.05 1.566l.958-.958z\" class=\"tribe-common-c-svgicon__svg-fill\"\/>\n<\/svg>\n\t<\/button>\n\t<label\n\t\tclass=\"tribe-events-c-top-bar__datepicker-label tribe-common-a11y-visual-hide\"\n\t\tfor=\"tribe-events-top-bar-date\"\n\t>\n\t\tDatum ausw\u00e4hlen.\t<\/label>\n\t<input\n\t\ttype=\"text\"\n\t\tclass=\"tribe-events-c-top-bar__datepicker-input tribe-common-a11y-visual-hide\"\n\t\tdata-js=\"tribe-events-top-bar-date\"\n\t\tid=\"tribe-events-top-bar-date\"\n\t\tname=\"tribe-events-views[tribe-bar-date]\"\n\t\tvalue=\"04\/09\/2026\"\n\t\ttabindex=\"-1\"\n\t\tautocomplete=\"off\"\n\t\treadonly=\"readonly\"\n\t\/>\n\t<div class=\"tribe-events-c-top-bar__datepicker-container\" data-js=\"tribe-events-top-bar-datepicker-container\"><\/div>\n\t<template class=\"tribe-events-c-top-bar__datepicker-template-prev-icon\">\n\t\t<svg\n\t class=\"tribe-common-c-svgicon tribe-common-c-svgicon--caret-left tribe-events-c-top-bar__datepicker-nav-icon-svg\" \taria-hidden=\"true\"\n\tviewBox=\"0 0 10 16\"\n\txmlns=\"http:\/\/www.w3.org\/2000\/svg\"\n>\n\t<path d=\"M9.7 14.4l-1.5 1.5L.3 8 8.2.1l1.5 1.5L3.3 8l6.4 6.4z\"\/>\n<\/svg>\n\t<\/template>\n\t<template class=\"tribe-events-c-top-bar__datepicker-template-next-icon\">\n\t\t<svg\n\t class=\"tribe-common-c-svgicon tribe-common-c-svgicon--caret-right tribe-events-c-top-bar__datepicker-nav-icon-svg\" \taria-hidden=\"true\"\n\tviewBox=\"0 0 10 16\"\n\txmlns=\"http:\/\/www.w3.org\/2000\/svg\"\n>\n\t<path d=\"M.3 1.6L1.8.1 9.7 8l-7.9 7.9-1.5-1.5L6.7 8 .3 1.6z\"\/>\n<\/svg>\n\t<\/template>\n<\/div>\n\n\t\n\t<div class=\"tribe-events-c-top-bar__actions tribe-common-a11y-hidden\">\n\t<\/div>\n\n<\/div>\n<\/header>\n\n\t\t\n\t\t<div class=\"tribe-events-pro-photo\">\n\t\t\t<h2\n\t\t\t\tid=\"tribe-events-photo-view-heading\"\n\t\t\t\tclass=\"tribe-common-a11y-visual-hide\"\n\t\t\t>\n\t\t\t\tList of events in Photo View\t\t\t<\/h2>\n\t\t\t<ul class=\"tribe-common-g-row tribe-common-g-row--gutters\" aria-labelledby=\"tribe-events-photo-view-heading\">\n\n\t\t\t\t\t\t\t\t\t\n\t\t\t\t\t<li  class=\"tribe-common-g-col tribe-events-pro-photo__event post-10001969 tribe_events type-tribe_events status-publish has-post-thumbnail hentry tribe_events_cat-firmenveranstaltung cat_firmenveranstaltung\" >\n\t<article>\n\t\t<div class=\"tribe-events-pro-photo__event-featured-image-wrapper\">\n\t<a\n\t\thref=\"https:\/\/www.grillakademie-saar.de\/?tribe_events=private-veranstaltung-74\"\n\t\trel=\"bookmark\"\n\t\tclass=\"tribe-events-pro-photo__event-featured-image-link\"\n\t>\n\t\t<span class=\"tribe-events-pro-photo__event-featured-image-link-inner tribe-common-a11y-hidden\">Private Veranstaltung!<\/span>\n\t\t<img\n\t\t\tclass=\"tribe-events-pro-photo__event-featured-image\"\n\t\t\tsrc=\"https:\/\/www.grillakademie-saar.de\/wp-content\/uploads\/2026\/01\/private-veranstaltung.jpg\"\n\t\t\trole=\"presentation\"\n\t\t\t\t\t\t\tsrcset=\"https:\/\/www.grillakademie-saar.de\/wp-content\/uploads\/2026\/01\/private-veranstaltung-300x300.jpg 300w, https:\/\/www.grillakademie-saar.de\/wp-content\/uploads\/2026\/01\/private-veranstaltung-1024x1024.jpg 1024w, https:\/\/www.grillakademie-saar.de\/wp-content\/uploads\/2026\/01\/private-veranstaltung-150x150.jpg 150w, https:\/\/www.grillakademie-saar.de\/wp-content\/uploads\/2026\/01\/private-veranstaltung-768x768.jpg 768w, https:\/\/www.grillakademie-saar.de\/wp-content\/uploads\/2026\/01\/private-veranstaltung-1536x1536.jpg 1536w, https:\/\/www.grillakademie-saar.de\/wp-content\/uploads\/2026\/01\/private-veranstaltung-75x75.jpg 75w, https:\/\/www.grillakademie-saar.de\/wp-content\/uploads\/2026\/01\/private-veranstaltung-480x480.jpg 480w, https:\/\/www.grillakademie-saar.de\/wp-content\/uploads\/2026\/01\/private-veranstaltung.jpg 1600w\"\n\t\t\t\t\t\t\t\t\t\talt=\"\"\n\t\t\t\t\t\t\t\t\t\ttitle=\"private-veranstaltung\"\n\t\t\t\t\t\t\t\t\t\twidth=\"1600\"\n\t\t\t\t\t\t\t\t\t\theight=\"1600\"\n\t\t\t\t\t\/>\n\t<\/a>\n<\/div>\n\n\t\t<div class=\"tribe-events-pro-photo__event-details-wrapper\">\n\t\t\t<div class=\"tribe-events-pro-photo__event-date-tag tribe-common-g-col\">\n\t<time class=\"tribe-events-pro-photo__event-date-tag-datetime\" datetime=\"2026-09-23\">\n\t\t<span class=\"tribe-events-pro-photo__event-date-tag-month\">\n\t\t\tSep.\t\t<\/span>\n\t\t<span class=\"tribe-events-pro-photo__event-date-tag-daynum tribe-common-h5 tribe-common-h4--min-medium\">\n\t\t\t23\t\t<\/span>\n\t<\/time>\n<\/div>\n\t\t\t<div class=\"tribe-events-pro-photo__event-details\">\n\t\t\t\t<h3 class=\"tribe-events-pro-photo__event-title tribe-common-h6\">\n\t<a\n\t\thref=\"https:\/\/www.grillakademie-saar.de\/?tribe_events=private-veranstaltung-74\"\n\t\ttitle=\"Private Veranstaltung!\"\n\t\trel=\"bookmark\"\n\t\tclass=\"tribe-events-pro-photo__event-title-link tribe-common-anchor-thin\"\n\t>\n\t\tPrivate Veranstaltung!\t<\/a>\n<\/h3>\n\t\t\t\t<div class=\"tribe-events-pro-photo__event-datetime tribe-common-b2\">\n\t\t\t\t<time datetime=\"2026-09-23\">\n\t\t\tGanzt\u00e4gig\t\t<\/time>\n\t\t<\/div>\n\t\t\t\t\n<div class=\"tec-events-calendar-photo__event-categories\">\n\t<div class=\"tec-events-calendar-photo__category tribe_events_cat-firmenveranstaltung\">\n\t\t\t\t\t<span class=\"tec-events-calendar-photo__category-icon\"><\/span>\n\t\t\t\tFirmenveranstaltung\t<\/div>\n<\/div>\n\t\t\t\t\t\t\t<\/div>\n\t\t<\/div>\n\t<\/article>\n<\/li>\n\n\t\t\t\t\t\t\t\t\t\n\t\t\t\t\t<li  class=\"tribe-common-g-col tribe-events-pro-photo__event post-10001987 tribe_events type-tribe_events status-publish has-post-thumbnail hentry\" >\n\t<article>\n\t\t<div class=\"tribe-events-pro-photo__event-featured-image-wrapper\">\n\t<a\n\t\thref=\"https:\/\/www.grillakademie-saar.de\/?tribe_events=basic-grillkurs-einsteigerkurs-das-perfekte-steak-meer-24092026\"\n\t\trel=\"bookmark\"\n\t\tclass=\"tribe-events-pro-photo__event-featured-image-link\"\n\t>\n\t\t<span class=\"tribe-events-pro-photo__event-featured-image-link-inner tribe-common-a11y-hidden\">Basic Grillkurs Einsteigerkurs &#8211; Das perfekte Steak &#038; Meer<\/span>\n\t\t<img\n\t\t\tclass=\"tribe-events-pro-photo__event-featured-image\"\n\t\t\tsrc=\"https:\/\/www.grillakademie-saar.de\/wp-content\/uploads\/2026\/01\/basic-grillkurs.jpg\"\n\t\t\trole=\"presentation\"\n\t\t\t\t\t\t\tsrcset=\"https:\/\/www.grillakademie-saar.de\/wp-content\/uploads\/2026\/01\/basic-grillkurs-300x300.jpg 300w, https:\/\/www.grillakademie-saar.de\/wp-content\/uploads\/2026\/01\/basic-grillkurs-1024x1024.jpg 1024w, https:\/\/www.grillakademie-saar.de\/wp-content\/uploads\/2026\/01\/basic-grillkurs-150x150.jpg 150w, https:\/\/www.grillakademie-saar.de\/wp-content\/uploads\/2026\/01\/basic-grillkurs-768x768.jpg 768w, https:\/\/www.grillakademie-saar.de\/wp-content\/uploads\/2026\/01\/basic-grillkurs-1536x1536.jpg 1536w, https:\/\/www.grillakademie-saar.de\/wp-content\/uploads\/2026\/01\/basic-grillkurs-75x75.jpg 75w, https:\/\/www.grillakademie-saar.de\/wp-content\/uploads\/2026\/01\/basic-grillkurs-480x480.jpg 480w, https:\/\/www.grillakademie-saar.de\/wp-content\/uploads\/2026\/01\/basic-grillkurs.jpg 1600w\"\n\t\t\t\t\t\t\t\t\t\talt=\"\"\n\t\t\t\t\t\t\t\t\t\ttitle=\"basic-grillkurs\"\n\t\t\t\t\t\t\t\t\t\twidth=\"1600\"\n\t\t\t\t\t\t\t\t\t\theight=\"1600\"\n\t\t\t\t\t\/>\n\t<\/a>\n<\/div>\n\n\t\t<div class=\"tribe-events-pro-photo__event-details-wrapper\">\n\t\t\t<div class=\"tribe-events-pro-photo__event-date-tag tribe-common-g-col\">\n\t<time class=\"tribe-events-pro-photo__event-date-tag-datetime\" datetime=\"2026-09-24\">\n\t\t<span class=\"tribe-events-pro-photo__event-date-tag-month\">\n\t\t\tSep.\t\t<\/span>\n\t\t<span class=\"tribe-events-pro-photo__event-date-tag-daynum tribe-common-h5 tribe-common-h4--min-medium\">\n\t\t\t24\t\t<\/span>\n\t<\/time>\n<\/div>\n\t\t\t<div class=\"tribe-events-pro-photo__event-details\">\n\t\t\t\t<h3 class=\"tribe-events-pro-photo__event-title tribe-common-h6\">\n\t<a\n\t\thref=\"https:\/\/www.grillakademie-saar.de\/?tribe_events=basic-grillkurs-einsteigerkurs-das-perfekte-steak-meer-24092026\"\n\t\ttitle=\"Basic Grillkurs Einsteigerkurs &#8211; Das perfekte Steak &#038; Meer\"\n\t\trel=\"bookmark\"\n\t\tclass=\"tribe-events-pro-photo__event-title-link tribe-common-anchor-thin\"\n\t>\n\t\tBasic Grillkurs Einsteigerkurs &#8211; Das perfekte Steak &#038; Meer\t<\/a>\n<\/h3>\n\t\t\t\t<div class=\"tribe-events-pro-photo__event-datetime tribe-common-b2\">\n\t\t\t\t<time datetime=\"18:00\">\n\t\t\t18:00\t\t<\/time>\n\t\t\t\t\t<span class=\"tribe-events-events-pro-photo__event-datetime-separator\"> - <\/span>\n\t\t\t<time datetime=\"21:30\">\n\t\t\t\t21:30\t\t\t<\/time>\n\t\t\t\t<\/div>\n\t\t\t\t\t\t\t\t<div class=\"tribe-events-c-small-cta tribe-common-b3 tribe-events-pro-photo__event-cost\">\n\t<span class=\"tribe-events-c-small-cta__price\">\n\t\t89,00\u20ac\t<\/span>\n<\/div>\n\t\t\t<\/div>\n\t\t<\/div>\n\t<\/article>\n<\/li>\n\n\t\t\t\t\t\t\t\t\t\n\t\t\t\t\t<li  class=\"tribe-common-g-col tribe-events-pro-photo__event post-10001986 tribe_events type-tribe_events status-publish has-post-thumbnail hentry\" >\n\t<article>\n\t\t<div class=\"tribe-events-pro-photo__event-featured-image-wrapper\">\n\t<a\n\t\thref=\"https:\/\/www.grillakademie-saar.de\/?tribe_events=burger-bier-burgergrillkurs-meets-bier-tasting-25092026\"\n\t\trel=\"bookmark\"\n\t\tclass=\"tribe-events-pro-photo__event-featured-image-link\"\n\t>\n\t\t<span class=\"tribe-events-pro-photo__event-featured-image-link-inner tribe-common-a11y-hidden\">Burger &#038; Bier &#8211; Burgergrillkurs meets Bier Tasting<\/span>\n\t\t<img\n\t\t\tclass=\"tribe-events-pro-photo__event-featured-image\"\n\t\t\tsrc=\"https:\/\/www.grillakademie-saar.de\/wp-content\/uploads\/2026\/01\/000619290000_0.jpg\"\n\t\t\trole=\"presentation\"\n\t\t\t\t\t\t\tsrcset=\"https:\/\/www.grillakademie-saar.de\/wp-content\/uploads\/2026\/01\/000619290000_0-300x300.jpg 300w, https:\/\/www.grillakademie-saar.de\/wp-content\/uploads\/2026\/01\/000619290000_0-1024x1024.jpg 1024w, https:\/\/www.grillakademie-saar.de\/wp-content\/uploads\/2026\/01\/000619290000_0-150x150.jpg 150w, https:\/\/www.grillakademie-saar.de\/wp-content\/uploads\/2026\/01\/000619290000_0-768x768.jpg 768w, https:\/\/www.grillakademie-saar.de\/wp-content\/uploads\/2026\/01\/000619290000_0-1536x1536.jpg 1536w, https:\/\/www.grillakademie-saar.de\/wp-content\/uploads\/2026\/01\/000619290000_0-75x75.jpg 75w, https:\/\/www.grillakademie-saar.de\/wp-content\/uploads\/2026\/01\/000619290000_0-480x480.jpg 480w, https:\/\/www.grillakademie-saar.de\/wp-content\/uploads\/2026\/01\/000619290000_0.jpg 1600w\"\n\t\t\t\t\t\t\t\t\t\talt=\"\"\n\t\t\t\t\t\t\t\t\t\ttitle=\"000619290000_0\"\n\t\t\t\t\t\t\t\t\t\twidth=\"1600\"\n\t\t\t\t\t\t\t\t\t\theight=\"1600\"\n\t\t\t\t\t\/>\n\t<\/a>\n<\/div>\n\n\t\t<div class=\"tribe-events-pro-photo__event-details-wrapper\">\n\t\t\t<div class=\"tribe-events-pro-photo__event-date-tag tribe-common-g-col\">\n\t<time class=\"tribe-events-pro-photo__event-date-tag-datetime\" datetime=\"2026-09-25\">\n\t\t<span class=\"tribe-events-pro-photo__event-date-tag-month\">\n\t\t\tSep.\t\t<\/span>\n\t\t<span class=\"tribe-events-pro-photo__event-date-tag-daynum tribe-common-h5 tribe-common-h4--min-medium\">\n\t\t\t25\t\t<\/span>\n\t<\/time>\n<\/div>\n\t\t\t<div class=\"tribe-events-pro-photo__event-details\">\n\t\t\t\t<h3 class=\"tribe-events-pro-photo__event-title tribe-common-h6\">\n\t<a\n\t\thref=\"https:\/\/www.grillakademie-saar.de\/?tribe_events=burger-bier-burgergrillkurs-meets-bier-tasting-25092026\"\n\t\ttitle=\"Burger &#038; Bier &#8211; Burgergrillkurs meets Bier Tasting\"\n\t\trel=\"bookmark\"\n\t\tclass=\"tribe-events-pro-photo__event-title-link tribe-common-anchor-thin\"\n\t>\n\t\tBurger &#038; Bier &#8211; Burgergrillkurs meets Bier Tasting\t<\/a>\n<\/h3>\n\t\t\t\t<div class=\"tribe-events-pro-photo__event-datetime tribe-common-b2\">\n\t\t\t\t<time datetime=\"18:00\">\n\t\t\t18:00\t\t<\/time>\n\t\t\t\t\t<span class=\"tribe-events-events-pro-photo__event-datetime-separator\"> - <\/span>\n\t\t\t<time datetime=\"22:30\">\n\t\t\t\t22:30\t\t\t<\/time>\n\t\t\t\t<\/div>\n\t\t\t\t\t\t\t\t<div class=\"tribe-events-c-small-cta tribe-common-b3 tribe-events-pro-photo__event-cost\">\n\t<span class=\"tribe-events-c-small-cta__price\">\n\t\t139,00\u20ac\t<\/span>\n<\/div>\n\t\t\t<\/div>\n\t\t<\/div>\n\t<\/article>\n<\/li>\n\n\t\t\t\t\t\t\t\t\t\n\t\t\t\t\t<li  class=\"tribe-common-g-col tribe-events-pro-photo__event post-10001985 tribe_events type-tribe_events status-publish has-post-thumbnail hentry\" >\n\t<article>\n\t\t<div class=\"tribe-events-pro-photo__event-featured-image-wrapper\">\n\t<a\n\t\thref=\"https:\/\/www.grillakademie-saar.de\/?tribe_events=grillkurs-weltreise-worldwide-bbq-26092026\"\n\t\trel=\"bookmark\"\n\t\tclass=\"tribe-events-pro-photo__event-featured-image-link\"\n\t>\n\t\t<span class=\"tribe-events-pro-photo__event-featured-image-link-inner tribe-common-a11y-hidden\">Grillkurs Weltreise Worldwide BBQ<\/span>\n\t\t<img\n\t\t\tclass=\"tribe-events-pro-photo__event-featured-image\"\n\t\t\tsrc=\"https:\/\/www.grillakademie-saar.de\/wp-content\/uploads\/2026\/01\/kulinarische-weltreise-grillkurs.jpg\"\n\t\t\trole=\"presentation\"\n\t\t\t\t\t\t\tsrcset=\"https:\/\/www.grillakademie-saar.de\/wp-content\/uploads\/2026\/01\/kulinarische-weltreise-grillkurs-300x300.jpg 300w, https:\/\/www.grillakademie-saar.de\/wp-content\/uploads\/2026\/01\/kulinarische-weltreise-grillkurs-1024x1024.jpg 1024w, https:\/\/www.grillakademie-saar.de\/wp-content\/uploads\/2026\/01\/kulinarische-weltreise-grillkurs-150x150.jpg 150w, https:\/\/www.grillakademie-saar.de\/wp-content\/uploads\/2026\/01\/kulinarische-weltreise-grillkurs-768x768.jpg 768w, https:\/\/www.grillakademie-saar.de\/wp-content\/uploads\/2026\/01\/kulinarische-weltreise-grillkurs-1536x1536.jpg 1536w, https:\/\/www.grillakademie-saar.de\/wp-content\/uploads\/2026\/01\/kulinarische-weltreise-grillkurs-75x75.jpg 75w, https:\/\/www.grillakademie-saar.de\/wp-content\/uploads\/2026\/01\/kulinarische-weltreise-grillkurs-480x480.jpg 480w, https:\/\/www.grillakademie-saar.de\/wp-content\/uploads\/2026\/01\/kulinarische-weltreise-grillkurs.jpg 1600w\"\n\t\t\t\t\t\t\t\t\t\talt=\"\"\n\t\t\t\t\t\t\t\t\t\ttitle=\"kulinarische-weltreise-grillkurs\"\n\t\t\t\t\t\t\t\t\t\twidth=\"1600\"\n\t\t\t\t\t\t\t\t\t\theight=\"1600\"\n\t\t\t\t\t\/>\n\t<\/a>\n<\/div>\n\n\t\t<div class=\"tribe-events-pro-photo__event-details-wrapper\">\n\t\t\t<div class=\"tribe-events-pro-photo__event-date-tag tribe-common-g-col\">\n\t<time class=\"tribe-events-pro-photo__event-date-tag-datetime\" datetime=\"2026-09-26\">\n\t\t<span class=\"tribe-events-pro-photo__event-date-tag-month\">\n\t\t\tSep.\t\t<\/span>\n\t\t<span class=\"tribe-events-pro-photo__event-date-tag-daynum tribe-common-h5 tribe-common-h4--min-medium\">\n\t\t\t26\t\t<\/span>\n\t<\/time>\n<\/div>\n\t\t\t<div class=\"tribe-events-pro-photo__event-details\">\n\t\t\t\t<h3 class=\"tribe-events-pro-photo__event-title tribe-common-h6\">\n\t<a\n\t\thref=\"https:\/\/www.grillakademie-saar.de\/?tribe_events=grillkurs-weltreise-worldwide-bbq-26092026\"\n\t\ttitle=\"Grillkurs Weltreise Worldwide BBQ\"\n\t\trel=\"bookmark\"\n\t\tclass=\"tribe-events-pro-photo__event-title-link tribe-common-anchor-thin\"\n\t>\n\t\tGrillkurs Weltreise Worldwide BBQ\t<\/a>\n<\/h3>\n\t\t\t\t<div class=\"tribe-events-pro-photo__event-datetime tribe-common-b2\">\n\t\t\t\t<time datetime=\"16:00\">\n\t\t\t16:00\t\t<\/time>\n\t\t\t\t\t<span class=\"tribe-events-events-pro-photo__event-datetime-separator\"> - <\/span>\n\t\t\t<time datetime=\"20:30\">\n\t\t\t\t20:30\t\t\t<\/time>\n\t\t\t\t<\/div>\n\t\t\t\t\t\t\t\t<div class=\"tribe-events-c-small-cta tribe-common-b3 tribe-events-pro-photo__event-cost\">\n\t<span class=\"tribe-events-c-small-cta__price\">\n\t\t149,00\u20ac\t<\/span>\n<\/div>\n\t\t\t<\/div>\n\t\t<\/div>\n\t<\/article>\n<\/li>\n\n\t\t\t\t\t\t\t\t\t\n\t\t\t\t\t<li  class=\"tribe-common-g-col tribe-events-pro-photo__event post-10002009 tribe_events type-tribe_events status-publish has-post-thumbnail hentry tribe_events_cat-firmenveranstaltung cat_firmenveranstaltung\" >\n\t<article>\n\t\t<div class=\"tribe-events-pro-photo__event-featured-image-wrapper\">\n\t<a\n\t\thref=\"https:\/\/www.grillakademie-saar.de\/?tribe_events=firmenveranstaltung\"\n\t\trel=\"bookmark\"\n\t\tclass=\"tribe-events-pro-photo__event-featured-image-link\"\n\t>\n\t\t<span class=\"tribe-events-pro-photo__event-featured-image-link-inner tribe-common-a11y-hidden\">Firmenveranstaltung<\/span>\n\t\t<img\n\t\t\tclass=\"tribe-events-pro-photo__event-featured-image\"\n\t\t\tsrc=\"https:\/\/www.grillakademie-saar.de\/wp-content\/uploads\/2026\/01\/private-veranstaltung.jpg\"\n\t\t\trole=\"presentation\"\n\t\t\t\t\t\t\tsrcset=\"https:\/\/www.grillakademie-saar.de\/wp-content\/uploads\/2026\/01\/private-veranstaltung-300x300.jpg 300w, https:\/\/www.grillakademie-saar.de\/wp-content\/uploads\/2026\/01\/private-veranstaltung-1024x1024.jpg 1024w, https:\/\/www.grillakademie-saar.de\/wp-content\/uploads\/2026\/01\/private-veranstaltung-150x150.jpg 150w, https:\/\/www.grillakademie-saar.de\/wp-content\/uploads\/2026\/01\/private-veranstaltung-768x768.jpg 768w, https:\/\/www.grillakademie-saar.de\/wp-content\/uploads\/2026\/01\/private-veranstaltung-1536x1536.jpg 1536w, https:\/\/www.grillakademie-saar.de\/wp-content\/uploads\/2026\/01\/private-veranstaltung-75x75.jpg 75w, https:\/\/www.grillakademie-saar.de\/wp-content\/uploads\/2026\/01\/private-veranstaltung-480x480.jpg 480w, https:\/\/www.grillakademie-saar.de\/wp-content\/uploads\/2026\/01\/private-veranstaltung.jpg 1600w\"\n\t\t\t\t\t\t\t\t\t\talt=\"\"\n\t\t\t\t\t\t\t\t\t\ttitle=\"private-veranstaltung\"\n\t\t\t\t\t\t\t\t\t\twidth=\"1600\"\n\t\t\t\t\t\t\t\t\t\theight=\"1600\"\n\t\t\t\t\t\/>\n\t<\/a>\n<\/div>\n\n\t\t<div class=\"tribe-events-pro-photo__event-details-wrapper\">\n\t\t\t<div class=\"tribe-events-pro-photo__event-date-tag tribe-common-g-col\">\n\t<time class=\"tribe-events-pro-photo__event-date-tag-datetime\" datetime=\"2026-09-30\">\n\t\t<span class=\"tribe-events-pro-photo__event-date-tag-month\">\n\t\t\tSep.\t\t<\/span>\n\t\t<span class=\"tribe-events-pro-photo__event-date-tag-daynum tribe-common-h5 tribe-common-h4--min-medium\">\n\t\t\t30\t\t<\/span>\n\t<\/time>\n<\/div>\n\t\t\t<div class=\"tribe-events-pro-photo__event-details\">\n\t\t\t\t<h3 class=\"tribe-events-pro-photo__event-title tribe-common-h6\">\n\t<a\n\t\thref=\"https:\/\/www.grillakademie-saar.de\/?tribe_events=firmenveranstaltung\"\n\t\ttitle=\"Firmenveranstaltung\"\n\t\trel=\"bookmark\"\n\t\tclass=\"tribe-events-pro-photo__event-title-link tribe-common-anchor-thin\"\n\t>\n\t\tFirmenveranstaltung\t<\/a>\n<\/h3>\n\t\t\t\t<div class=\"tribe-events-pro-photo__event-datetime tribe-common-b2\">\n\t\t\t\t<time datetime=\"2026-09-30\">\n\t\t\tGanzt\u00e4gig\t\t<\/time>\n\t\t<\/div>\n\t\t\t\t\n<div class=\"tec-events-calendar-photo__event-categories\">\n\t<div class=\"tec-events-calendar-photo__category tribe_events_cat-firmenveranstaltung\">\n\t\t\t\t\t<span class=\"tec-events-calendar-photo__category-icon\"><\/span>\n\t\t\t\tFirmenveranstaltung\t<\/div>\n<\/div>\n\t\t\t\t\t\t\t<\/div>\n\t\t<\/div>\n\t<\/article>\n<\/li>\n\n\t\t\t\t\t\t\t\t\t\n\t\t\t\t\t<li  class=\"tribe-common-g-col tribe-events-pro-photo__event post-10001984 tribe_events type-tribe_events status-publish has-post-thumbnail hentry\" >\n\t<article>\n\t\t<div class=\"tribe-events-pro-photo__event-featured-image-wrapper\">\n\t<a\n\t\thref=\"https:\/\/www.grillakademie-saar.de\/?tribe_events=grillkurs-steak-it-easy-01102026\"\n\t\trel=\"bookmark\"\n\t\tclass=\"tribe-events-pro-photo__event-featured-image-link\"\n\t>\n\t\t<span class=\"tribe-events-pro-photo__event-featured-image-link-inner tribe-common-a11y-hidden\">Grillkurs Steak it Easy<\/span>\n\t\t<img\n\t\t\tclass=\"tribe-events-pro-photo__event-featured-image\"\n\t\t\tsrc=\"https:\/\/www.grillakademie-saar.de\/wp-content\/uploads\/2026\/01\/SteakItEasy1200.jpg\"\n\t\t\trole=\"presentation\"\n\t\t\t\t\t\t\tsrcset=\"https:\/\/www.grillakademie-saar.de\/wp-content\/uploads\/2026\/01\/SteakItEasy1200-300x300.jpg 300w, https:\/\/www.grillakademie-saar.de\/wp-content\/uploads\/2026\/01\/SteakItEasy1200-1024x1024.jpg 1024w, https:\/\/www.grillakademie-saar.de\/wp-content\/uploads\/2026\/01\/SteakItEasy1200-150x150.jpg 150w, https:\/\/www.grillakademie-saar.de\/wp-content\/uploads\/2026\/01\/SteakItEasy1200-768x768.jpg 768w, https:\/\/www.grillakademie-saar.de\/wp-content\/uploads\/2026\/01\/SteakItEasy1200-75x75.jpg 75w, https:\/\/www.grillakademie-saar.de\/wp-content\/uploads\/2026\/01\/SteakItEasy1200-480x480.jpg 480w, https:\/\/www.grillakademie-saar.de\/wp-content\/uploads\/2026\/01\/SteakItEasy1200.jpg 1200w\"\n\t\t\t\t\t\t\t\t\t\talt=\"\"\n\t\t\t\t\t\t\t\t\t\ttitle=\"SteakItEasy1200\"\n\t\t\t\t\t\t\t\t\t\twidth=\"1200\"\n\t\t\t\t\t\t\t\t\t\theight=\"1200\"\n\t\t\t\t\t\/>\n\t<\/a>\n<\/div>\n\n\t\t<div class=\"tribe-events-pro-photo__event-details-wrapper\">\n\t\t\t<div class=\"tribe-events-pro-photo__event-date-tag tribe-common-g-col\">\n\t<time class=\"tribe-events-pro-photo__event-date-tag-datetime\" datetime=\"2026-10-01\">\n\t\t<span class=\"tribe-events-pro-photo__event-date-tag-month\">\n\t\t\tOkt.\t\t<\/span>\n\t\t<span class=\"tribe-events-pro-photo__event-date-tag-daynum tribe-common-h5 tribe-common-h4--min-medium\">\n\t\t\t1\t\t<\/span>\n\t<\/time>\n<\/div>\n\t\t\t<div class=\"tribe-events-pro-photo__event-details\">\n\t\t\t\t<h3 class=\"tribe-events-pro-photo__event-title tribe-common-h6\">\n\t<a\n\t\thref=\"https:\/\/www.grillakademie-saar.de\/?tribe_events=grillkurs-steak-it-easy-01102026\"\n\t\ttitle=\"Grillkurs Steak it Easy\"\n\t\trel=\"bookmark\"\n\t\tclass=\"tribe-events-pro-photo__event-title-link tribe-common-anchor-thin\"\n\t>\n\t\tGrillkurs Steak it Easy\t<\/a>\n<\/h3>\n\t\t\t\t<div class=\"tribe-events-pro-photo__event-datetime tribe-common-b2\">\n\t\t\t\t<time datetime=\"18:00\">\n\t\t\t18:00\t\t<\/time>\n\t\t\t\t\t<span class=\"tribe-events-events-pro-photo__event-datetime-separator\"> - <\/span>\n\t\t\t<time datetime=\"22:00\">\n\t\t\t\t22:00\t\t\t<\/time>\n\t\t\t\t<\/div>\n\t\t\t\t\t\t\t\t<div class=\"tribe-events-c-small-cta tribe-common-b3 tribe-events-pro-photo__event-cost\">\n\t<span class=\"tribe-events-c-small-cta__price\">\n\t\t99,00\u20ac\t<\/span>\n<\/div>\n\t\t\t<\/div>\n\t\t<\/div>\n\t<\/article>\n<\/li>\n\n\t\t\t\t\n\t\t\t<\/ul>\n\n\t\t<\/div>\n\n\t\t<nav class=\"tribe-events-pro-photo-nav tribe-events-c-nav\">\n\t<ul class=\"tribe-events-c-nav__list\">\n\t\t<li class=\"tribe-events-c-nav__list-item tribe-events-c-nav__list-item--prev\">\n\t<a\n\t\thref=\"https:\/\/www.grillakademie-saar.de\/termine\/foto\/?pagename=index.php&#038;shortcode=70fd4331&#038;tribe_event_display=past\"\n\t\trel=\"prev\"\n\t\tclass=\"tribe-events-c-nav__prev tribe-common-b2 tribe-common-b1--min-medium\"\n\t\tdata-js=\"tribe-events-view-link\"\n\t\taria-label=\"Vorherige Veranstaltungen\"\n\t\ttitle=\"Vorherige Veranstaltungen\"\n\t>\n\t\t<svg\n\t class=\"tribe-common-c-svgicon tribe-common-c-svgicon--caret-left tribe-events-c-nav__prev-icon-svg\" \taria-hidden=\"true\"\n\tviewBox=\"0 0 10 16\"\n\txmlns=\"http:\/\/www.w3.org\/2000\/svg\"\n>\n\t<path d=\"M9.7 14.4l-1.5 1.5L.3 8 8.2.1l1.5 1.5L3.3 8l6.4 6.4z\"\/>\n<\/svg>\n\t\t<span class=\"tribe-events-c-nav__prev-label\">\n\t\t\tVorherige <span class=\"tribe-events-c-nav__prev-label-plural tribe-common-a11y-visual-hide\">Veranstaltungen<\/span>\t\t<\/span>\n\t<\/a>\n<\/li>\n\n\t\t<li class=\"tribe-events-c-nav__list-item tribe-events-c-nav__list-item--today\">\n\t<a\n\t\thref=\"https:\/\/www.grillakademie-saar.de\/termine\/foto\/?pagename=index.php&#038;shortcode=70fd4331\"\n\t\tclass=\"tribe-events-c-nav__today tribe-common-b2\"\n\t\tdata-js=\"tribe-events-view-link\"\n\t\taria-label=\"Klicke, um das heutige Datum auszuw\u00e4hlen\"\n\t\ttitle=\"Klicke, um das heutige Datum auszuw\u00e4hlen\"\n\t>\n\t\tHeute\t<\/a>\n<\/li>\n\n\t\t<li class=\"tribe-events-c-nav__list-item tribe-events-c-nav__list-item--next\">\n\t<a\n\t\thref=\"https:\/\/www.grillakademie-saar.de\/?post_type=tribe_events&#038;eventDisplay=photo&#038;shortcode=70fd4331&#038;page=2\"\n\t\trel=\"next\"\n\t\tclass=\"tribe-events-c-nav__next tribe-common-b2 tribe-common-b1--min-medium\"\n\t\tdata-js=\"tribe-events-view-link\"\n\t\taria-label=\"N\u00e4chste Veranstaltungen\"\n\t\ttitle=\"N\u00e4chste Veranstaltungen\"\n\t>\n\t\t<span class=\"tribe-events-c-nav__next-label\">\n\t\t\tN\u00e4chste <span class=\"tribe-events-c-nav__next-label-plural tribe-common-a11y-visual-hide\">Veranstaltungen<\/span>\t\t<\/span>\n\t\t<svg\n\t class=\"tribe-common-c-svgicon tribe-common-c-svgicon--caret-right tribe-events-c-nav__next-icon-svg\" \taria-hidden=\"true\"\n\tviewBox=\"0 0 10 16\"\n\txmlns=\"http:\/\/www.w3.org\/2000\/svg\"\n>\n\t<path d=\"M.3 1.6L1.8.1 9.7 8l-7.9 7.9-1.5-1.5L6.7 8 .3 1.6z\"\/>\n<\/svg>\n\t<\/a>\n<\/li>\n\t<\/ul>\n<\/nav>\n\n\t\t<div class=\"tribe-events-c-subscribe-dropdown__container\">\n\t<div class=\"tribe-events-c-subscribe-dropdown\">\n\t\t<div class=\"tribe-common-c-btn-border tribe-events-c-subscribe-dropdown__button\">\n\t\t\t<button\n\t\t\t\tclass=\"tribe-events-c-subscribe-dropdown__button-text tribe-common-c-btn--clear\"\n\t\t\t\taria-expanded=\"false\"\n\t\t\t\taria-controls=\"tribe-events-subscribe-dropdown-content\"\n\t\t\t\taria-label=\"\"\n\t\t\t>\n\t\t\t\tKalender abonnieren\t\t\t<\/button>\n\t\t\t<svg\n\t class=\"tribe-common-c-svgicon tribe-common-c-svgicon--caret-down tribe-events-c-subscribe-dropdown__button-icon\" \taria-hidden=\"true\"\n\tviewBox=\"0 0 10 7\"\n\txmlns=\"http:\/\/www.w3.org\/2000\/svg\"\n>\n\t<path fill-rule=\"evenodd\" clip-rule=\"evenodd\" d=\"M1.008.609L5 4.6 8.992.61l.958.958L5 6.517.05 1.566l.958-.958z\" class=\"tribe-common-c-svgicon__svg-fill\"\/>\n<\/svg>\n\t\t<\/div>\n\t\t<div id=\"tribe-events-c-subscribe-dropdown-content\" class=\"tribe-events-c-subscribe-dropdown__content\">\n\t\t\t<ul class=\"tribe-events-c-subscribe-dropdown__list\">\n\t\t\t\t\t\t\t\t\t\n<li class=\"tribe-events-c-subscribe-dropdown__list-item tribe-events-c-subscribe-dropdown__list-item--gcal\">\n\t<a\n\t\thref=\"https:\/\/www.google.com\/calendar\/render?cid=webcal%3A%2F%2Fwww.grillakademie-saar.de%2F%3Fpost_type%3Dtribe_events%26ical%3D1%26eventDisplay%3Dlist\"\n\t\tclass=\"tribe-events-c-subscribe-dropdown__list-item-link\"\n\t\ttarget=\"_blank\"\n\t\trel=\"noopener noreferrer nofollow noindex\"\n\t>\n\t\tGoogle Kalender\t<\/a>\n<\/li>\n\t\t\t\t\t\t\t\t\t\n<li class=\"tribe-events-c-subscribe-dropdown__list-item tribe-events-c-subscribe-dropdown__list-item--ical\">\n\t<a\n\t\thref=\"webcal:\/\/www.grillakademie-saar.de\/?post_type=tribe_events&#038;ical=1&#038;eventDisplay=list\"\n\t\tclass=\"tribe-events-c-subscribe-dropdown__list-item-link\"\n\t\ttarget=\"_blank\"\n\t\trel=\"noopener noreferrer nofollow noindex\"\n\t>\n\t\tiCalendar\t<\/a>\n<\/li>\n\t\t\t\t\t\t\t\t\t\n<li class=\"tribe-events-c-subscribe-dropdown__list-item tribe-events-c-subscribe-dropdown__list-item--outlook-365\">\n\t<a\n\t\thref=\"https:\/\/outlook.office.com\/owa?path=\/calendar\/action\/compose&#038;rru=addsubscription&#038;url=webcal%3A%2F%2Fwww.grillakademie-saar.de%2F%3Fpost_type%3Dtribe_events%26ical%3D1%26eventDisplay%3Dlist&#038;name=Grillakademie+Saar+Anzeige+von+Veranstaltungen+von++\u2013+Grillakademie+Saar\"\n\t\tclass=\"tribe-events-c-subscribe-dropdown__list-item-link\"\n\t\ttarget=\"_blank\"\n\t\trel=\"noopener noreferrer nofollow noindex\"\n\t>\n\t\tOutlook 365\t<\/a>\n<\/li>\n\t\t\t\t\t\t\t\t\t\n<li class=\"tribe-events-c-subscribe-dropdown__list-item tribe-events-c-subscribe-dropdown__list-item--outlook-live\">\n\t<a\n\t\thref=\"https:\/\/outlook.live.com\/owa?path=\/calendar\/action\/compose&#038;rru=addsubscription&#038;url=webcal%3A%2F%2Fwww.grillakademie-saar.de%2F%3Fpost_type%3Dtribe_events%26ical%3D1%26eventDisplay%3Dlist&#038;name=Grillakademie+Saar+Anzeige+von+Veranstaltungen+von++\u2013+Grillakademie+Saar\"\n\t\tclass=\"tribe-events-c-subscribe-dropdown__list-item-link\"\n\t\ttarget=\"_blank\"\n\t\trel=\"noopener noreferrer nofollow noindex\"\n\t>\n\t\tOutlook Live\t<\/a>\n<\/li>\n\t\t\t\t\t\t\t\t\t\n<li class=\"tribe-events-c-subscribe-dropdown__list-item tribe-events-c-subscribe-dropdown__list-item--ics\">\n\t<a\n\t\thref=\"https:\/\/www.grillakademie-saar.de\/termine\/foto\/?shortcode=70fd4331&#038;ical=1\"\n\t\tclass=\"tribe-events-c-subscribe-dropdown__list-item-link\"\n\t\ttarget=\"_blank\"\n\t\trel=\"noopener noreferrer nofollow noindex\"\n\t>\n\t\t.ics-Datei exportieren\t<\/a>\n<\/li>\n\t\t\t\t\t\t\t\t\t\n<li class=\"tribe-events-c-subscribe-dropdown__list-item tribe-events-c-subscribe-dropdown__list-item--outlook-ics\">\n\t<a\n\t\thref=\"https:\/\/www.grillakademie-saar.de\/termine\/foto\/?shortcode=70fd4331&#038;outlook-ical=1#038;ical=1\"\n\t\tclass=\"tribe-events-c-subscribe-dropdown__list-item-link\"\n\t\ttarget=\"_blank\"\n\t\trel=\"noopener noreferrer nofollow noindex\"\n\t>\n\t\tExportiere Outlook .ics Datei\t<\/a>\n<\/li>\n\t\t\t\t\t\t\t<\/ul>\n\t\t<\/div>\n\t<\/div>\n<\/div>\n\n\t\t\t<\/section>\n<\/div>\n\n<script data-js='tribe-events-view-nonce-data' type='application\/json'>{\"tvn1\":\"e5ab39766f\",\"tvn2\":\"\"}<\/script><\/p>\n<style>.tribe-events-c-small-cta__price {color: red!important;font-weight: bold;}<\/style>\n<style>.tribe-events .tribe-events-c-nav {display: none;}.tribe-common--breakpoint-medium.tribe-common .tribe-common-c-btn-border, .tribe-common--breakpoint-medium.tribe-common a.tribe-common-c-btn-border {display: none;}.single-tribe_events .tribe-events-c-subscribe-dropdown, .tribe-events .tribe-events-c-subscribe-dropdown {display: none;}.tribe-events .tribe-events-c-promo {display: none;}.tribe-events-view.alignwide { margin-bottom: -170px !important;}<br \/><\/style>\n<p>[\/vc_column_text][\/vc_column][\/vc_row][vc_row][vc_column][vc_separator color=&#8220;custom&#8220; border_width=&#8220;3&#8243; css=&#8220;.vc_custom_1772455888517{margin-top: 0px !important;margin-right: 0px !important;margin-bottom: 0px !important;margin-left: 0px !important;border-top-width: 0px !important;border-right-width: 0px !important;border-bottom-width: 0px !important;border-left-width: 0px !important;padding-top: 0px !important;padding-right: 0px !important;padding-bottom: 0px !important;padding-left: 0px !important;}&#8220; accent_color=&#8220;#FF0000&#8243;][\/vc_column][\/vc_row][vc_row css=&#8220;.vc_custom_1772455777062{margin-top: 0px !important;margin-right: 0px !important;margin-bottom: 30px !important;margin-left: 0px !important;border-top-width: 0px !important;border-right-width: 0px !important;border-bottom-width: 0px !important;border-left-width: 0px !important;padding-top: 0px !important;padding-right: 0px !important;padding-bottom: 0px !important;padding-left: 0px !important;}&#8220;][vc_column width=&#8220;1\/2&#8243;][vc_column_text css=&#8220;&#8220;]<\/p>\n<p style=\"text-align: justify;\" data-start=\"1142\" data-end=\"1348\">In unserer modern ausgestatteten Grillschule mit Au\u00dfenterrasse erleben Sie sowohl exklusive <strong data-start=\"1234\" data-end=\"1253\">Live-Grillkurse<\/strong> als auch eigens entwickelte Kursformate \u2013 praxisorientiert, verst\u00e4ndlich und immer genussvoll.<\/p>\n<h3 data-start=\"1355\" data-end=\"1390\">F\u00fcr jeden der passende Grillkurs<\/h3>\n<p style=\"text-align: justify;\" data-start=\"1392\" data-end=\"1690\">Von <strong data-start=\"1396\" data-end=\"1432\">Basic-Grillkursen f\u00fcr Einsteiger<\/strong> \u00fcber spezielle Themenabende f\u00fcr Fleischliebhaber bis hin zu <strong data-start=\"1493\" data-end=\"1530\">Experten- und Gourmet-Grillkursen<\/strong>:<br data-start=\"1531\" data-end=\"1534\" \/>Bei uns finden Sie den Grillkurs, der zu Ihrem Anspruch passt \u2013 egal, ob Sie Ihre ersten Schritte am Grill machen oder Ihr K\u00f6nnen gezielt vertiefen m\u00f6chten.<\/p>\n<h3 data-start=\"1697\" data-end=\"1737\">Genussvolle Abende &amp; besondere Events<\/h3>\n<p style=\"text-align: justify;\" data-start=\"1739\" data-end=\"2010\">Unsere Location bietet Platz f\u00fcr <strong data-start=\"1772\" data-end=\"1830\">private Feiern, Firmenevents und exklusive Grillabende<\/strong> mit bis zu 40 Personen. In stilvollem Ambiente sorgen unser Grill- und K\u00fcchenmeister sowie das erfahrene Team f\u00fcr ein rundum gelungenes Erlebnis \u2013 kulinarisch wie organisatorisch.<\/p>\n<p>[\/vc_column_text][\/vc_column][vc_column width=&#8220;1\/2&#8243;][vc_gallery interval=&#8220;3&#8243; images=&#8220;82,81,75,76,78,80&#8243; img_size=&#8220;full&#8220; css=&#8220;&#8220;][\/vc_column][\/vc_row]<\/p>\n<\/div>","excerpt":"NEUER GRILLKURS Es erwartet Sie bei diesem Grill-Kurs in der Grillakademie Saar in Saarlouis: Vorspeise Filet vom Seesaibling auf der Haut gegrillt auf Artischocken und Tomaten<span class=\"excerpt-hellip\"> [\u2026]<\/span>","slug":"57-revision-v1","show_map":true,"show_map_link":true,"global_id":"www.grillakademie-saar.de?id=4756","global_id_lineage":["www.grillakademie-saar.de?id=4756"]},"organizer":[{"id":4758,"author":"9","status":"auto-draft","date":"2026-09-03 08:39:27","date_utc":"0000-00-00 00:00:00","modified":"2026-09-03 08:39:27","modified_utc":"0000-00-00 00:00:00","url":"https:\/\/www.grillakademie-saar.de\/?p=4758","organizer":"Automatisch gespeicherter Entwurf","excerpt":"NEUER GRILLKURS Es erwartet Sie bei diesem Grill-Kurs in der Grillakademie Saar in Saarlouis: Vorspeise Filet vom Seesaibling auf der Haut gegrillt auf Artischocken und Tomaten<span class=\"excerpt-hellip\"> [\u2026]<\/span>","global_id":"www.grillakademie-saar.de?id=4758","global_id_lineage":["www.grillakademie-saar.de?id=4758"]}],"custom_fields":[],"json_ld":{"@context":"http:\/\/schema.org","@type":"Event","name":"Firmenveranstaltung","description":"&lt;p&gt;private Veranstaltung!&lt;\/p&gt;\\n","image":"https:\/\/www.grillakademie-saar.de\/wp-content\/uploads\/2026\/01\/private-veranstaltung.jpg","url":"https:\/\/www.grillakademie-saar.de\/?tribe_events=firmenveranstaltung-2","eventAttendanceMode":"https:\/\/schema.org\/OfflineEventAttendanceMode","eventStatus":"https:\/\/schema.org\/EventScheduled","startDate":"2026-11-20T00:00:00+01:00","endDate":"2026-11-20T23:59:59+01:00","location":false,"organizer":false,"performer":"Organization"},"is_virtual":false,"virtual_url":null,"virtual_video_source":""}